{"id":16228,"date":"2025-02-06T16:47:09","date_gmt":"2025-02-07T00:47:09","guid":{"rendered":"https:\/\/venturacountyfair.org\/?p=16228"},"modified":"2025-02-10T08:40:04","modified_gmt":"2025-02-10T16:40:04","slug":"mountain-fire-basecamp","status":"publish","type":"post","link":"https:\/\/venturacountyfair.org\/es\/mountain-fire-basecamp\/","title":{"rendered":"Campamento base Mountain Fire"},"content":{"rendered":"<p>El 6 de noviembre de 2024, el devastador incendio de la monta\u00f1a afect\u00f3 a ciudadanos de todo el condado de Ventura. En cuesti\u00f3n de horas, el recinto ferial del condado de Ventura pas\u00f3 de ser el lugar de eventos que usted conoce a convertirse en un recurso de evacuaci\u00f3n para animales grandes, una zona de parada para el personal de bomberos y un centro de mando para el Departamento del Sheriff. El Recinto Ferial se convirti\u00f3 en una peque\u00f1a ciudad de grandes h\u00e9roes que inclu\u00eda hasta 497 motores de ciudades lejanas y 2.999 efectivos que iban y ven\u00edan del Recinto Ferial. M\u00e1s de 150 caballos, cabras, alpacas y otros animales grandes fueron evacuados a los establos del recinto ferial.<\/p>\n\n\n\n<p>El Recinto Ferial del Condado de Ventura est\u00e1 agradecido a los primeros en responder que lucharon contra el Incendio de la Monta\u00f1a y ayudaron a la comunidad afectada por la devastaci\u00f3n. El recinto ferial pudo ver de cerca los esfuerzos realizados y colabora con el Departamento de Bomberos del Condado de Ventura, Cal Fire, la Oficina del Sheriff del Condado de Ventura, Servicios para Animales del Condado de Ventura, CHP y muchas m\u00e1s agencias, todas las cuales trabajan en beneficio de nuestra comunidad.<\/p>","protected":false},"excerpt":{"rendered":"<p>El 6 de noviembre de 2024, el devastador incendio de la monta\u00f1a afect\u00f3 a ciudadanos de todo el condado de Ventura. En cuesti\u00f3n de horas, el recinto ferial del condado de Ventura pas\u00f3 de ser el...<\/p>","protected":false},"author":3,"featured_media":16229,"comment_status":"closed","ping_status":"open","sticky":false,"template":"","format":"standard","meta":{"footnotes":""},"categories":[136],"tags":[],"class_list":["post-16228","post","type-post","status-publish","format-standard","has-post-thumbnail","hentry","category-community","have-post-thumb"],"yoast_head":"<!-- This site is optimized with the Yoast SEO Premium plugin v27.2 (Yoast SEO v27.2) - https:\/\/yoast.com\/product\/yoast-seo-premium-wordpress\/ -->\n<title>Mountain Fire Basecamp - Ventura County Fairgrounds<\/title>\n<meta name=\"description\" content=\"Ventura County Fairgrounds served as basecamp and a large animal evacuation center during the Mountain Fire.\" \/>\n<meta name=\"robots\" content=\"index, follow, max-snippet:-1, max-image-preview:large, max-video-preview:-1\" \/>\n<link rel=\"canonical\" href=\"https:\/\/venturacountyfair.org\/es\/mountain-fire-basecamp\/\" \/>\n<meta property=\"og:locale\" content=\"es_MX\" \/>\n<meta property=\"og:type\" content=\"article\" \/>\n<meta property=\"og:title\" content=\"Mountain Fire Basecamp\" \/>\n<meta property=\"og:description\" content=\"Ventura County Fairgrounds served as basecamp and a large animal evacuation center during the Mountain Fire.\" \/>\n<meta property=\"og:url\" content=\"https:\/\/venturacountyfair.org\/es\/mountain-fire-basecamp\/\" \/>\n<meta property=\"og:site_name\" content=\"Ventura County Fairgrounds\" \/>\n<meta property=\"article:published_time\" content=\"2025-02-07T00:47:09+00:00\" \/>\n<meta property=\"article:modified_time\" content=\"2025-02-10T16:40:04+00:00\" \/>\n<meta property=\"og:image\" content=\"https:\/\/venturacountyfair.org\/wp-content\/uploads\/2025\/02\/466003572_1009086244582123_2277909107321836984_n.jpg\" \/>\n\t<meta property=\"og:image:width\" content=\"2048\" \/>\n\t<meta property=\"og:image:height\" content=\"1365\" \/>\n\t<meta property=\"og:image:type\" content=\"image\/jpeg\" \/>\n<meta name=\"author\" content=\"Megan Hook\" \/>\n<meta name=\"twitter:card\" content=\"summary_large_image\" \/>\n<meta name=\"twitter:label1\" content=\"Escrito por\" \/>\n\t<meta name=\"twitter:data1\" content=\"Megan Hook\" \/>\n\t<meta name=\"twitter:label2\" content=\"Tiempo de lectura\" \/>\n\t<meta name=\"twitter:data2\" content=\"1 minuto\" \/>\n<script type=\"application\/ld+json\" class=\"yoast-schema-graph\">{\"@context\":\"https:\/\/schema.org\",\"@graph\":[{\"@type\":\"Article\",\"@id\":\"https:\/\/venturacountyfair.org\/mountain-fire-basecamp\/#article\",\"isPartOf\":{\"@id\":\"https:\/\/venturacountyfair.org\/mountain-fire-basecamp\/\"},\"author\":{\"name\":\"Megan Hook\",\"@id\":\"https:\/\/venturacountyfair.org\/#\/schema\/person\/3878a3eaf803aad5a7dfaca05166cd50\"},\"headline\":\"Mountain Fire Basecamp\",\"datePublished\":\"2025-02-07T00:47:09+00:00\",\"dateModified\":\"2025-02-10T16:40:04+00:00\",\"mainEntityOfPage\":{\"@id\":\"https:\/\/venturacountyfair.org\/mountain-fire-basecamp\/\"},\"wordCount\":168,\"publisher\":{\"@id\":\"https:\/\/venturacountyfair.org\/#organization\"},\"image\":{\"@id\":\"https:\/\/venturacountyfair.org\/mountain-fire-basecamp\/#primaryimage\"},\"thumbnailUrl\":\"https:\/\/venturacountyfair.org\/wp-content\/uploads\/2025\/02\/466003572_1009086244582123_2277909107321836984_n.jpg\",\"articleSection\":[\"Community\"],\"inLanguage\":\"es\"},{\"@type\":\"WebPage\",\"@id\":\"https:\/\/venturacountyfair.org\/mountain-fire-basecamp\/\",\"url\":\"https:\/\/venturacountyfair.org\/mountain-fire-basecamp\/\",\"name\":\"Mountain Fire Basecamp - Ventura County Fairgrounds\",\"isPartOf\":{\"@id\":\"https:\/\/venturacountyfair.org\/#website\"},\"primaryImageOfPage\":{\"@id\":\"https:\/\/venturacountyfair.org\/mountain-fire-basecamp\/#primaryimage\"},\"image\":{\"@id\":\"https:\/\/venturacountyfair.org\/mountain-fire-basecamp\/#primaryimage\"},\"thumbnailUrl\":\"https:\/\/venturacountyfair.org\/wp-content\/uploads\/2025\/02\/466003572_1009086244582123_2277909107321836984_n.jpg\",\"datePublished\":\"2025-02-07T00:47:09+00:00\",\"dateModified\":\"2025-02-10T16:40:04+00:00\",\"description\":\"Ventura County Fairgrounds served as basecamp and a large animal evacuation center during the Mountain Fire.\",\"breadcrumb\":{\"@id\":\"https:\/\/venturacountyfair.org\/mountain-fire-basecamp\/#breadcrumb\"},\"inLanguage\":\"es\",\"potentialAction\":[{\"@type\":\"ReadAction\",\"target\":[\"https:\/\/venturacountyfair.org\/mountain-fire-basecamp\/\"]}]},{\"@type\":\"ImageObject\",\"inLanguage\":\"es\",\"@id\":\"https:\/\/venturacountyfair.org\/mountain-fire-basecamp\/#primaryimage\",\"url\":\"https:\/\/venturacountyfair.org\/wp-content\/uploads\/2025\/02\/466003572_1009086244582123_2277909107321836984_n.jpg\",\"contentUrl\":\"https:\/\/venturacountyfair.org\/wp-content\/uploads\/2025\/02\/466003572_1009086244582123_2277909107321836984_n.jpg\",\"width\":2048,\"height\":1365},{\"@type\":\"BreadcrumbList\",\"@id\":\"https:\/\/venturacountyfair.org\/mountain-fire-basecamp\/#breadcrumb\",\"itemListElement\":[{\"@type\":\"ListItem\",\"position\":1,\"name\":\"Home\",\"item\":\"https:\/\/venturacountyfair.org\/\"},{\"@type\":\"ListItem\",\"position\":2,\"name\":\"Mountain Fire Basecamp\"}]},{\"@type\":\"WebSite\",\"@id\":\"https:\/\/venturacountyfair.org\/#website\",\"url\":\"https:\/\/venturacountyfair.org\/\",\"name\":\"Ventura County Fairgrounds\",\"description\":\"\",\"publisher\":{\"@id\":\"https:\/\/venturacountyfair.org\/#organization\"},\"potentialAction\":[{\"@type\":\"SearchAction\",\"target\":{\"@type\":\"EntryPoint\",\"urlTemplate\":\"https:\/\/venturacountyfair.org\/?s={search_term_string}\"},\"query-input\":{\"@type\":\"PropertyValueSpecification\",\"valueRequired\":true,\"valueName\":\"search_term_string\"}}],\"inLanguage\":\"es\"},{\"@type\":\"Organization\",\"@id\":\"https:\/\/venturacountyfair.org\/#organization\",\"name\":\"Ventura County Fairgrounds\",\"url\":\"https:\/\/venturacountyfair.org\/\",\"logo\":{\"@type\":\"ImageObject\",\"inLanguage\":\"es\",\"@id\":\"https:\/\/venturacountyfair.org\/#\/schema\/logo\/image\/\",\"url\":\"https:\/\/venturacountyfair.org\/wp-content\/uploads\/2024\/01\/cropped-cropped-favbase.png\",\"contentUrl\":\"https:\/\/venturacountyfair.org\/wp-content\/uploads\/2024\/01\/cropped-cropped-favbase.png\",\"width\":512,\"height\":512,\"caption\":\"Ventura County Fairgrounds\"},\"image\":{\"@id\":\"https:\/\/venturacountyfair.org\/#\/schema\/logo\/image\/\"}},{\"@type\":\"Person\",\"@id\":\"https:\/\/venturacountyfair.org\/#\/schema\/person\/3878a3eaf803aad5a7dfaca05166cd50\",\"name\":\"Megan Hook\",\"image\":{\"@type\":\"ImageObject\",\"inLanguage\":\"es\",\"@id\":\"https:\/\/secure.gravatar.com\/avatar\/376becec5466befb485a3e32f211feb4c4f5281bc24249be522e284fc7ed8d97?s=96&d=mm&r=g\",\"url\":\"https:\/\/secure.gravatar.com\/avatar\/376becec5466befb485a3e32f211feb4c4f5281bc24249be522e284fc7ed8d97?s=96&d=mm&r=g\",\"contentUrl\":\"https:\/\/secure.gravatar.com\/avatar\/376becec5466befb485a3e32f211feb4c4f5281bc24249be522e284fc7ed8d97?s=96&d=mm&r=g\",\"caption\":\"Megan Hook\"},\"url\":\"https:\/\/venturacountyfair.org\/es\/author\/megan\/\"}]}<\/script>\n<!-- \/ Yoast SEO Premium plugin. -->","yoast_head_json":{"title":"Campamento base de Mountain Fire - Recinto ferial del condado de Ventura","description":"El recinto ferial del condado de Ventura sirvi\u00f3 de campamento base y centro de evacuaci\u00f3n de grandes animales durante el incendio de la monta\u00f1a.","robots":{"index":"index","follow":"follow","max-snippet":"max-snippet:-1","max-image-preview":"max-image-preview:large","max-video-preview":"max-video-preview:-1"},"canonical":"https:\/\/venturacountyfair.org\/es\/mountain-fire-basecamp\/","og_locale":"es_MX","og_type":"article","og_title":"Mountain Fire Basecamp","og_description":"Ventura County Fairgrounds served as basecamp and a large animal evacuation center during the Mountain Fire.","og_url":"https:\/\/venturacountyfair.org\/es\/mountain-fire-basecamp\/","og_site_name":"Ventura County Fairgrounds","article_published_time":"2025-02-07T00:47:09+00:00","article_modified_time":"2025-02-10T16:40:04+00:00","og_image":[{"width":2048,"height":1365,"url":"https:\/\/venturacountyfair.org\/wp-content\/uploads\/2025\/02\/466003572_1009086244582123_2277909107321836984_n.jpg","type":"image\/jpeg"}],"author":"Megan Hook","twitter_card":"summary_large_image","twitter_misc":{"Escrito por":"Megan Hook","Tiempo de lectura":"1 minuto"},"schema":{"@context":"https:\/\/schema.org","@graph":[{"@type":"Article","@id":"https:\/\/venturacountyfair.org\/mountain-fire-basecamp\/#article","isPartOf":{"@id":"https:\/\/venturacountyfair.org\/mountain-fire-basecamp\/"},"author":{"name":"Megan Hook","@id":"https:\/\/venturacountyfair.org\/#\/schema\/person\/3878a3eaf803aad5a7dfaca05166cd50"},"headline":"Mountain Fire Basecamp","datePublished":"2025-02-07T00:47:09+00:00","dateModified":"2025-02-10T16:40:04+00:00","mainEntityOfPage":{"@id":"https:\/\/venturacountyfair.org\/mountain-fire-basecamp\/"},"wordCount":168,"publisher":{"@id":"https:\/\/venturacountyfair.org\/#organization"},"image":{"@id":"https:\/\/venturacountyfair.org\/mountain-fire-basecamp\/#primaryimage"},"thumbnailUrl":"https:\/\/venturacountyfair.org\/wp-content\/uploads\/2025\/02\/466003572_1009086244582123_2277909107321836984_n.jpg","articleSection":["Community"],"inLanguage":"es"},{"@type":"WebPage","@id":"https:\/\/venturacountyfair.org\/mountain-fire-basecamp\/","url":"https:\/\/venturacountyfair.org\/mountain-fire-basecamp\/","name":"Campamento base de Mountain Fire - Recinto ferial del condado de Ventura","isPartOf":{"@id":"https:\/\/venturacountyfair.org\/#website"},"primaryImageOfPage":{"@id":"https:\/\/venturacountyfair.org\/mountain-fire-basecamp\/#primaryimage"},"image":{"@id":"https:\/\/venturacountyfair.org\/mountain-fire-basecamp\/#primaryimage"},"thumbnailUrl":"https:\/\/venturacountyfair.org\/wp-content\/uploads\/2025\/02\/466003572_1009086244582123_2277909107321836984_n.jpg","datePublished":"2025-02-07T00:47:09+00:00","dateModified":"2025-02-10T16:40:04+00:00","description":"El recinto ferial del condado de Ventura sirvi\u00f3 de campamento base y centro de evacuaci\u00f3n de grandes animales durante el incendio de la monta\u00f1a.","breadcrumb":{"@id":"https:\/\/venturacountyfair.org\/mountain-fire-basecamp\/#breadcrumb"},"inLanguage":"es","potentialAction":[{"@type":"ReadAction","target":["https:\/\/venturacountyfair.org\/mountain-fire-basecamp\/"]}]},{"@type":"ImageObject","inLanguage":"es","@id":"https:\/\/venturacountyfair.org\/mountain-fire-basecamp\/#primaryimage","url":"https:\/\/venturacountyfair.org\/wp-content\/uploads\/2025\/02\/466003572_1009086244582123_2277909107321836984_n.jpg","contentUrl":"https:\/\/venturacountyfair.org\/wp-content\/uploads\/2025\/02\/466003572_1009086244582123_2277909107321836984_n.jpg","width":2048,"height":1365},{"@type":"BreadcrumbList","@id":"https:\/\/venturacountyfair.org\/mountain-fire-basecamp\/#breadcrumb","itemListElement":[{"@type":"ListItem","position":1,"name":"Home","item":"https:\/\/venturacountyfair.org\/"},{"@type":"ListItem","position":2,"name":"Mountain Fire Basecamp"}]},{"@type":"WebSite","@id":"https:\/\/venturacountyfair.org\/#website","url":"https:\/\/venturacountyfair.org\/","name":"Recinto Ferial del Condado de Ventura","description":"","publisher":{"@id":"https:\/\/venturacountyfair.org\/#organization"},"potentialAction":[{"@type":"SearchAction","target":{"@type":"EntryPoint","urlTemplate":"https:\/\/venturacountyfair.org\/?s={search_term_string}"},"query-input":{"@type":"PropertyValueSpecification","valueRequired":true,"valueName":"search_term_string"}}],"inLanguage":"es"},{"@type":"Organization","@id":"https:\/\/venturacountyfair.org\/#organization","name":"Recinto Ferial del Condado de Ventura","url":"https:\/\/venturacountyfair.org\/","logo":{"@type":"ImageObject","inLanguage":"es","@id":"https:\/\/venturacountyfair.org\/#\/schema\/logo\/image\/","url":"https:\/\/venturacountyfair.org\/wp-content\/uploads\/2024\/01\/cropped-cropped-favbase.png","contentUrl":"https:\/\/venturacountyfair.org\/wp-content\/uploads\/2024\/01\/cropped-cropped-favbase.png","width":512,"height":512,"caption":"Ventura County Fairgrounds"},"image":{"@id":"https:\/\/venturacountyfair.org\/#\/schema\/logo\/image\/"}},{"@type":"Person","@id":"https:\/\/venturacountyfair.org\/#\/schema\/person\/3878a3eaf803aad5a7dfaca05166cd50","name":"Megan Hook","image":{"@type":"ImageObject","inLanguage":"es","@id":"https:\/\/secure.gravatar.com\/avatar\/376becec5466befb485a3e32f211feb4c4f5281bc24249be522e284fc7ed8d97?s=96&d=mm&r=g","url":"https:\/\/secure.gravatar.com\/avatar\/376becec5466befb485a3e32f211feb4c4f5281bc24249be522e284fc7ed8d97?s=96&d=mm&r=g","contentUrl":"https:\/\/secure.gravatar.com\/avatar\/376becec5466befb485a3e32f211feb4c4f5281bc24249be522e284fc7ed8d97?s=96&d=mm&r=g","caption":"Megan Hook"},"url":"https:\/\/venturacountyfair.org\/es\/author\/megan\/"}]}},"_links":{"self":[{"href":"https:\/\/venturacountyfair.org\/es\/wp-json\/wp\/v2\/posts\/16228","targetHints":{"allow":["GET"]}}],"collection":[{"href":"https:\/\/venturacountyfair.org\/es\/wp-json\/wp\/v2\/posts"}],"about":[{"href":"https:\/\/venturacountyfair.org\/es\/wp-json\/wp\/v2\/types\/post"}],"author":[{"embeddable":true,"href":"https:\/\/venturacountyfair.org\/es\/wp-json\/wp\/v2\/users\/3"}],"replies":[{"embeddable":true,"href":"https:\/\/venturacountyfair.org\/es\/wp-json\/wp\/v2\/comments?post=16228"}],"version-history":[{"count":2,"href":"https:\/\/venturacountyfair.org\/es\/wp-json\/wp\/v2\/posts\/16228\/revisions"}],"predecessor-version":[{"id":16250,"href":"https:\/\/venturacountyfair.org\/es\/wp-json\/wp\/v2\/posts\/16228\/revisions\/16250"}],"wp:featuredmedia":[{"embeddable":true,"href":"https:\/\/venturacountyfair.org\/es\/wp-json\/wp\/v2\/media\/16229"}],"wp:attachment":[{"href":"https:\/\/venturacountyfair.org\/es\/wp-json\/wp\/v2\/media?parent=16228"}],"wp:term":[{"taxonomy":"category","embeddable":true,"href":"https:\/\/venturacountyfair.org\/es\/wp-json\/wp\/v2\/categories?post=16228"},{"taxonomy":"post_tag","embeddable":true,"href":"https:\/\/venturacountyfair.org\/es\/wp-json\/wp\/v2\/tags?post=16228"}],"curies":[{"name":"wp","href":"https:\/\/api.w.org\/{rel}","templated":true}]}}